{"id":2365,"date":"2022-01-22T12:11:35","date_gmt":"2022-01-22T11:11:35","guid":{"rendered":"https:\/\/www.gruene-ov-stuttgart.de\/weilimdorf\/?p=2365"},"modified":"2022-05-12T14:17:00","modified_gmt":"2022-05-12T12:17:00","slug":"bau-eines-temporaeren-lehrschwimmbeckens-zur-erteilung-von-schwimmunterricht","status":"publish","type":"post","link":"https:\/\/www.gruene-ov-stuttgart.de\/weilimdorf\/2022\/01\/22\/bau-eines-temporaeren-lehrschwimmbeckens-zur-erteilung-von-schwimmunterricht\/","title":{"rendered":"Bau eines tempor\u00e4ren Lehrschwimmbeckens zur Erteilung von Schwimmunterricht"},"content":{"rendered":"\n<p>Bezirksbeirats-Fraktionen: FDP, B\u00dcNDNIS 90\/DIE GR\u00dcNEN, AfD und SPD<\/p>\n\n\n\n<p>Betreff: Bau eines tempor\u00e4ren Lehrschwimmbeckens zur Erteilung von Schwimmunterricht<\/p>\n\n\n\n<p class=\"has-luminous-vivid-orange-color has-text-color\">(ALS PR\u00dcFANTRAG F\u00dcR FL\u00c4CHE B EINSTIMMIG AKZEPTIERT &#8211; siehe <a href=\"https:\/\/www.gruene-ov-stuttgart.de\/weilimdorf\/news\/\" data-type=\"page\" data-id=\"128\">NEWS<\/a> 09.03.2022)<\/p>\n\n\n\n<figure class=\"wp-block-image size-large is-resized\"><img loading=\"lazy\" decoding=\"async\" src=\"https:\/\/www.gruene-ov-stuttgart.de\/weilimdorf\/wp-content\/uploads\/2022\/03\/DEED5419-0DCE-4995-AF87-278E89AC24A9-800x1200.jpeg\" alt=\"\" class=\"wp-image-2357\" width=\"1207\" height=\"1812\" srcset=\"https:\/\/www.gruene-ov-stuttgart.de\/weilimdorf\/wp-content\/uploads\/2022\/03\/DEED5419-0DCE-4995-AF87-278E89AC24A9-800x1200.jpeg 800w, https:\/\/www.gruene-ov-stuttgart.de\/weilimdorf\/wp-content\/uploads\/2022\/03\/DEED5419-0DCE-4995-AF87-278E89AC24A9-400x600.jpeg 400w, https:\/\/www.gruene-ov-stuttgart.de\/weilimdorf\/wp-content\/uploads\/2022\/03\/DEED5419-0DCE-4995-AF87-278E89AC24A9-768x1152.jpeg 768w, https:\/\/www.gruene-ov-stuttgart.de\/weilimdorf\/wp-content\/uploads\/2022\/03\/DEED5419-0DCE-4995-AF87-278E89AC24A9-100x150.jpeg 100w, https:\/\/www.gruene-ov-stuttgart.de\/weilimdorf\/wp-content\/uploads\/2022\/03\/DEED5419-0DCE-4995-AF87-278E89AC24A9.jpeg 900w\" sizes=\"auto, (max-width: 1207px) 100vw, 1207px\" \/><\/figure>\n\n\n\n<figure class=\"wp-block-image size-large is-resized\"><img loading=\"lazy\" decoding=\"async\" src=\"https:\/\/www.gruene-ov-stuttgart.de\/weilimdorf\/wp-content\/uploads\/2022\/03\/1CEBEDE6-9CDB-4841-9190-806DFA8D4C13-800x1200.jpeg\" alt=\"\" class=\"wp-image-2356\" width=\"1160\" height=\"1741\" srcset=\"https:\/\/www.gruene-ov-stuttgart.de\/weilimdorf\/wp-content\/uploads\/2022\/03\/1CEBEDE6-9CDB-4841-9190-806DFA8D4C13-800x1200.jpeg 800w, https:\/\/www.gruene-ov-stuttgart.de\/weilimdorf\/wp-content\/uploads\/2022\/03\/1CEBEDE6-9CDB-4841-9190-806DFA8D4C13-400x600.jpeg 400w, https:\/\/www.gruene-ov-stuttgart.de\/weilimdorf\/wp-content\/uploads\/2022\/03\/1CEBEDE6-9CDB-4841-9190-806DFA8D4C13-768x1152.jpeg 768w, https:\/\/www.gruene-ov-stuttgart.de\/weilimdorf\/wp-content\/uploads\/2022\/03\/1CEBEDE6-9CDB-4841-9190-806DFA8D4C13-100x150.jpeg 100w, https:\/\/www.gruene-ov-stuttgart.de\/weilimdorf\/wp-content\/uploads\/2022\/03\/1CEBEDE6-9CDB-4841-9190-806DFA8D4C13.jpeg 900w\" sizes=\"auto, (max-width: 1160px) 100vw, 1160px\" \/><\/figure>\n","protected":false},"excerpt":{"rendered":"<p>Bezirksbeirats-Fraktionen: FDP, B\u00dcNDNIS 90\/DIE GR\u00dcNEN, AfD und SPD Betreff: Bau eines tempor\u00e4ren Lehrschwimmbeckens zur Erteilung von Schwimmunterricht (ALS PR\u00dcFANTRAG F\u00dcR FL\u00c4CHE B EINSTIMMIG AKZEPTIERT &#8211; siehe NEWS 09.03.2022)<\/p>\n","protected":false},"author":-1,"featured_media":0,"comment_status":"closed","ping_status":"closed","sticky":false,"template":"","format":"standard","meta":{"footnotes":""},"categories":[1],"tags":[17],"class_list":["post-2365","post","type-post","status-publish","format-standard","hentry","category-allgemein","tag-17"],"_links":{"self":[{"href":"https:\/\/www.gruene-ov-stuttgart.de\/weilimdorf\/wp-json\/wp\/v2\/posts\/2365","targetHints":{"allow":["GET"]}}],"collection":[{"href":"https:\/\/www.gruene-ov-stuttgart.de\/weilimdorf\/wp-json\/wp\/v2\/posts"}],"about":[{"href":"https:\/\/www.gruene-ov-stuttgart.de\/weilimdorf\/wp-json\/wp\/v2\/types\/post"}],"author":[{"embeddable":true,"href":"https:\/\/www.gruene-ov-stuttgart.de\/weilimdorf\/wp-json\/wp\/v2\/users\/2"}],"replies":[{"embeddable":true,"href":"https:\/\/www.gruene-ov-stuttgart.de\/weilimdorf\/wp-json\/wp\/v2\/comments?post=2365"}],"version-history":[{"count":5,"href":"https:\/\/www.gruene-ov-stuttgart.de\/weilimdorf\/wp-json\/wp\/v2\/posts\/2365\/revisions"}],"predecessor-version":[{"id":2446,"href":"https:\/\/www.gruene-ov-stuttgart.de\/weilimdorf\/wp-json\/wp\/v2\/posts\/2365\/revisions\/2446"}],"wp:attachment":[{"href":"https:\/\/www.gruene-ov-stuttgart.de\/weilimdorf\/wp-json\/wp\/v2\/media?parent=2365"}],"wp:term":[{"taxonomy":"category","embeddable":true,"href":"https:\/\/www.gruene-ov-stuttgart.de\/weilimdorf\/wp-json\/wp\/v2\/categories?post=2365"},{"taxonomy":"post_tag","embeddable":true,"href":"https:\/\/www.gruene-ov-stuttgart.de\/weilimdorf\/wp-json\/wp\/v2\/tags?post=2365"}],"curies":[{"name":"wp","href":"https:\/\/api.w.org\/{rel}","templated":true}]}}