{"id":2598,"date":"2022-11-16T14:06:02","date_gmt":"2022-11-16T13:06:02","guid":{"rendered":"https:\/\/www.gruene-ov-stuttgart.de\/weilimdorf\/?p=2598"},"modified":"2022-12-29T12:58:36","modified_gmt":"2022-12-29T11:58:36","slug":"unterbringung-von-gefluechteten-in-einem-boardinghaus-in-weilimdorf","status":"publish","type":"post","link":"https:\/\/www.gruene-ov-stuttgart.de\/weilimdorf\/2022\/11\/16\/unterbringung-von-gefluechteten-in-einem-boardinghaus-in-weilimdorf\/","title":{"rendered":"Unterbringung von Gefl\u00fcchteten in einem Boardinghaus in Weilimdorf"},"content":{"rendered":"\n<p>Bezirksbeiratsfraktionen: B\u00dcNDNIS 90\/DIE GR\u00dcNEN, FDP, Freie W\u00e4hler, PULS, SPD, FrAktion<\/p>\n\n\n\n<p>Betreff: Unterbringung von Gefl\u00fcchteten in einem Boardinghaus in Weilimdorf<\/p>\n\n\n\n<p class=\"has-luminous-vivid-orange-color has-text-color\">(BEI DREI ENTHALTUNGEN BESCHLOSSEN &#8211; siehe <a href=\"https:\/\/www.gruene-ov-stuttgart.de\/weilimdorf\/news\/\" data-type=\"page\" data-id=\"128\">NEWS<\/a> 16.11.2022)<\/p>\n\n\n\n<figure class=\"wp-block-image size-large is-resized\"><img loading=\"lazy\" decoding=\"async\" src=\"https:\/\/www.gruene-ov-stuttgart.de\/weilimdorf\/wp-content\/uploads\/2022\/11\/D8757409-9ED2-4B0D-8CCB-2B436B2DB565-719x1200.jpeg\" alt=\"\" class=\"wp-image-2597\" width=\"841\" height=\"1404\" srcset=\"https:\/\/www.gruene-ov-stuttgart.de\/weilimdorf\/wp-content\/uploads\/2022\/11\/D8757409-9ED2-4B0D-8CCB-2B436B2DB565-719x1200.jpeg 719w, https:\/\/www.gruene-ov-stuttgart.de\/weilimdorf\/wp-content\/uploads\/2022\/11\/D8757409-9ED2-4B0D-8CCB-2B436B2DB565-360x600.jpeg 360w, https:\/\/www.gruene-ov-stuttgart.de\/weilimdorf\/wp-content\/uploads\/2022\/11\/D8757409-9ED2-4B0D-8CCB-2B436B2DB565-768x1281.jpeg 768w, https:\/\/www.gruene-ov-stuttgart.de\/weilimdorf\/wp-content\/uploads\/2022\/11\/D8757409-9ED2-4B0D-8CCB-2B436B2DB565-90x150.jpeg 90w, https:\/\/www.gruene-ov-stuttgart.de\/weilimdorf\/wp-content\/uploads\/2022\/11\/D8757409-9ED2-4B0D-8CCB-2B436B2DB565.jpeg 771w\" sizes=\"auto, (max-width: 841px) 100vw, 841px\" \/><\/figure>\n","protected":false},"excerpt":{"rendered":"<p>Bezirksbeiratsfraktionen: B\u00dcNDNIS 90\/DIE GR\u00dcNEN, FDP, Freie W\u00e4hler, PULS, SPD, FrAktion Betreff: Unterbringung von Gefl\u00fcchteten in einem Boardinghaus in Weilimdorf (BEI DREI ENTHALTUNGEN BESCHLOSSEN &#8211; siehe NEWS 16.11.2022)<\/p>\n","protected":false},"author":-1,"featured_media":0,"comment_status":"closed","ping_status":"closed","sticky":false,"template":"","format":"standard","meta":{"footnotes":""},"categories":[10],"tags":[17],"class_list":["post-2598","post","type-post","status-publish","format-standard","hentry","category-soziales","tag-17"],"_links":{"self":[{"href":"https:\/\/www.gruene-ov-stuttgart.de\/weilimdorf\/wp-json\/wp\/v2\/posts\/2598","targetHints":{"allow":["GET"]}}],"collection":[{"href":"https:\/\/www.gruene-ov-stuttgart.de\/weilimdorf\/wp-json\/wp\/v2\/posts"}],"about":[{"href":"https:\/\/www.gruene-ov-stuttgart.de\/weilimdorf\/wp-json\/wp\/v2\/types\/post"}],"author":[{"embeddable":true,"href":"https:\/\/www.gruene-ov-stuttgart.de\/weilimdorf\/wp-json\/wp\/v2\/users\/2"}],"replies":[{"embeddable":true,"href":"https:\/\/www.gruene-ov-stuttgart.de\/weilimdorf\/wp-json\/wp\/v2\/comments?post=2598"}],"version-history":[{"count":3,"href":"https:\/\/www.gruene-ov-stuttgart.de\/weilimdorf\/wp-json\/wp\/v2\/posts\/2598\/revisions"}],"predecessor-version":[{"id":2642,"href":"https:\/\/www.gruene-ov-stuttgart.de\/weilimdorf\/wp-json\/wp\/v2\/posts\/2598\/revisions\/2642"}],"wp:attachment":[{"href":"https:\/\/www.gruene-ov-stuttgart.de\/weilimdorf\/wp-json\/wp\/v2\/media?parent=2598"}],"wp:term":[{"taxonomy":"category","embeddable":true,"href":"https:\/\/www.gruene-ov-stuttgart.de\/weilimdorf\/wp-json\/wp\/v2\/categories?post=2598"},{"taxonomy":"post_tag","embeddable":true,"href":"https:\/\/www.gruene-ov-stuttgart.de\/weilimdorf\/wp-json\/wp\/v2\/tags?post=2598"}],"curies":[{"name":"wp","href":"https:\/\/api.w.org\/{rel}","templated":true}]}}