{"id":2772,"date":"2023-03-06T00:00:52","date_gmt":"2023-03-05T23:00:52","guid":{"rendered":"https:\/\/www.gruene-ov-stuttgart.de\/weilimdorf\/?p=2772"},"modified":"2023-04-11T18:45:57","modified_gmt":"2023-04-11T16:45:57","slug":"entwicklungsbedarfe-der-wohnanlage-am-lindenbachsee-und-reisachschule","status":"publish","type":"post","link":"https:\/\/www.gruene-ov-stuttgart.de\/weilimdorf\/2023\/03\/06\/entwicklungsbedarfe-der-wohnanlage-am-lindenbachsee-und-reisachschule\/","title":{"rendered":"Entwicklungsbedarfe der Wohnanlage am Lindenbachsee und Reisachschule"},"content":{"rendered":"\n<p>Bezirksbeiratsfraktionen: B\u00dcNDNIS 90\/DIE GR\u00dcNEN, CDU, SPD, Freie W\u00e4hler, Die FrAktion, FDP, PULS<\/p>\n\n\n\n<p>Betreff: Entwicklungsbedarfe der Wohnanlage am Lindenbachsee und Reisachschule<\/p>\n\n\n\n<p class=\"has-luminous-vivid-orange-color has-text-color\">(MIT PR\u00c4ZISIERENDER ERG\u00c4NZUNG EINSTIMMIG GEBILLIGT &#8211; siehe <a href=\"https:\/\/www.gruene-ov-stuttgart.de\/weilimdorf\/news\/\" data-type=\"URL\" data-id=\"https:\/\/www.gruene-ov-stuttgart.de\/weilimdorf\/news\/\">NEWS<\/a> vom 22.03.2023)<\/p>\n\n\n\n<figure class=\"wp-block-image size-large is-resized\"><img loading=\"lazy\" decoding=\"async\" src=\"https:\/\/www.gruene-ov-stuttgart.de\/weilimdorf\/wp-content\/uploads\/2023\/03\/B8B2C45C-C854-43CA-8945-96C24681E23C-800x914.jpeg\" alt=\"\" class=\"wp-image-2768\" width=\"842\" height=\"962\" srcset=\"https:\/\/www.gruene-ov-stuttgart.de\/weilimdorf\/wp-content\/uploads\/2023\/03\/B8B2C45C-C854-43CA-8945-96C24681E23C-800x914.jpeg 800w, https:\/\/www.gruene-ov-stuttgart.de\/weilimdorf\/wp-content\/uploads\/2023\/03\/B8B2C45C-C854-43CA-8945-96C24681E23C-400x457.jpeg 400w, https:\/\/www.gruene-ov-stuttgart.de\/weilimdorf\/wp-content\/uploads\/2023\/03\/B8B2C45C-C854-43CA-8945-96C24681E23C-768x877.jpeg 768w, https:\/\/www.gruene-ov-stuttgart.de\/weilimdorf\/wp-content\/uploads\/2023\/03\/B8B2C45C-C854-43CA-8945-96C24681E23C-131x150.jpeg 131w, https:\/\/www.gruene-ov-stuttgart.de\/weilimdorf\/wp-content\/uploads\/2023\/03\/B8B2C45C-C854-43CA-8945-96C24681E23C.jpeg 900w\" sizes=\"auto, (max-width: 842px) 100vw, 842px\" \/><\/figure>\n","protected":false},"excerpt":{"rendered":"<p>Bezirksbeiratsfraktionen: B\u00dcNDNIS 90\/DIE GR\u00dcNEN, CDU, SPD, Freie W\u00e4hler, Die FrAktion, FDP, PULS Betreff: Entwicklungsbedarfe der Wohnanlage am Lindenbachsee und Reisachschule (MIT PR\u00c4ZISIERENDER ERG\u00c4NZUNG EINSTIMMIG GEBILLIGT &#8211; siehe NEWS vom 22.03.2023)<\/p>\n","protected":false},"author":-1,"featured_media":0,"comment_status":"closed","ping_status":"closed","sticky":false,"template":"","format":"standard","meta":{"footnotes":""},"categories":[10],"tags":[18],"class_list":["post-2772","post","type-post","status-publish","format-standard","hentry","category-soziales","tag-18"],"_links":{"self":[{"href":"https:\/\/www.gruene-ov-stuttgart.de\/weilimdorf\/wp-json\/wp\/v2\/posts\/2772","targetHints":{"allow":["GET"]}}],"collection":[{"href":"https:\/\/www.gruene-ov-stuttgart.de\/weilimdorf\/wp-json\/wp\/v2\/posts"}],"about":[{"href":"https:\/\/www.gruene-ov-stuttgart.de\/weilimdorf\/wp-json\/wp\/v2\/types\/post"}],"author":[{"embeddable":true,"href":"https:\/\/www.gruene-ov-stuttgart.de\/weilimdorf\/wp-json\/wp\/v2\/users\/2"}],"replies":[{"embeddable":true,"href":"https:\/\/www.gruene-ov-stuttgart.de\/weilimdorf\/wp-json\/wp\/v2\/comments?post=2772"}],"version-history":[{"count":3,"href":"https:\/\/www.gruene-ov-stuttgart.de\/weilimdorf\/wp-json\/wp\/v2\/posts\/2772\/revisions"}],"predecessor-version":[{"id":2818,"href":"https:\/\/www.gruene-ov-stuttgart.de\/weilimdorf\/wp-json\/wp\/v2\/posts\/2772\/revisions\/2818"}],"wp:attachment":[{"href":"https:\/\/www.gruene-ov-stuttgart.de\/weilimdorf\/wp-json\/wp\/v2\/media?parent=2772"}],"wp:term":[{"taxonomy":"category","embeddable":true,"href":"https:\/\/www.gruene-ov-stuttgart.de\/weilimdorf\/wp-json\/wp\/v2\/categories?post=2772"},{"taxonomy":"post_tag","embeddable":true,"href":"https:\/\/www.gruene-ov-stuttgart.de\/weilimdorf\/wp-json\/wp\/v2\/tags?post=2772"}],"curies":[{"name":"wp","href":"https:\/\/api.w.org\/{rel}","templated":true}]}}