{"id":3868,"date":"2025-02-26T22:00:59","date_gmt":"2025-02-26T21:00:59","guid":{"rendered":"https:\/\/www.gruene-ov-stuttgart.de\/weilimdorf\/?p=3868"},"modified":"2026-02-06T13:24:30","modified_gmt":"2026-02-06T12:24:30","slug":"einbindung-der-bevoelkerung-in-zukuenftige-windkraftprojekte","status":"publish","type":"post","link":"https:\/\/www.gruene-ov-stuttgart.de\/weilimdorf\/2025\/02\/26\/einbindung-der-bevoelkerung-in-zukuenftige-windkraftprojekte\/","title":{"rendered":"Einbindung der Bev\u00f6lkerung in zuk\u00fcnftige Windkraftprojekte"},"content":{"rendered":"\n<p>Bezirksbeiratsfraktion B\u00dcNDNIS 90\/DIE GR\u00dcNEN <\/p>\n\n\n\n<p>Datum: 24.02.2025<\/p>\n\n\n\n<p>Betreff: Einbindung der Bev\u00f6lkerung in zuk\u00fcnftige Windkraftprojekte<\/p>\n\n\n\n<p class=\"has-luminous-vivid-orange-color has-text-color has-link-color wp-elements-f88d57287150403c89bacf5e7c477bcf\">(BEI ZWEI ENTHALTUNGEN BESCHLOSSEN, siehe NEWS 12.03.2025)<\/p>\n\n\n\n<div class=\"wp-block-columns is-not-stacked-on-mobile is-layout-flex wp-container-core-columns-is-layout-9d6595d7 wp-block-columns-is-layout-flex\">\n<div class=\"wp-block-column is-layout-flow wp-block-column-is-layout-flow\" style=\"flex-basis:100%\">\n<div style=\"height:2px\" aria-hidden=\"true\" class=\"wp-block-spacer\"><\/div>\n<\/div>\n<\/div>\n\n\n\n<figure class=\"wp-block-image size-large is-resized\"><img loading=\"lazy\" decoding=\"async\" width=\"800\" height=\"855\" src=\"https:\/\/www.gruene-ov-stuttgart.de\/weilimdorf\/wp-content\/uploads\/2025\/03\/D0CEBC38-21DD-4575-82FE-6E4F3EAFD526-800x855.jpeg\" alt=\"\" class=\"wp-image-3864\" style=\"width:900px;height:auto\" srcset=\"https:\/\/www.gruene-ov-stuttgart.de\/weilimdorf\/wp-content\/uploads\/2025\/03\/D0CEBC38-21DD-4575-82FE-6E4F3EAFD526-800x855.jpeg 800w, https:\/\/www.gruene-ov-stuttgart.de\/weilimdorf\/wp-content\/uploads\/2025\/03\/D0CEBC38-21DD-4575-82FE-6E4F3EAFD526-400x428.jpeg 400w, https:\/\/www.gruene-ov-stuttgart.de\/weilimdorf\/wp-content\/uploads\/2025\/03\/D0CEBC38-21DD-4575-82FE-6E4F3EAFD526-768x821.jpeg 768w, https:\/\/www.gruene-ov-stuttgart.de\/weilimdorf\/wp-content\/uploads\/2025\/03\/D0CEBC38-21DD-4575-82FE-6E4F3EAFD526.jpeg 1133w\" sizes=\"auto, (max-width: 800px) 100vw, 800px\" \/><\/figure>\n\n\n\n<figure class=\"wp-block-image size-large\"><img loading=\"lazy\" decoding=\"async\" width=\"788\" height=\"1200\" src=\"https:\/\/www.gruene-ov-stuttgart.de\/weilimdorf\/wp-content\/uploads\/2025\/03\/F4F3F843-09B1-4774-98AB-1EDCABCE281C-788x1200.jpeg\" alt=\"\" class=\"wp-image-3866\" srcset=\"https:\/\/www.gruene-ov-stuttgart.de\/weilimdorf\/wp-content\/uploads\/2025\/03\/F4F3F843-09B1-4774-98AB-1EDCABCE281C-788x1200.jpeg 788w, https:\/\/www.gruene-ov-stuttgart.de\/weilimdorf\/wp-content\/uploads\/2025\/03\/F4F3F843-09B1-4774-98AB-1EDCABCE281C-394x600.jpeg 394w, https:\/\/www.gruene-ov-stuttgart.de\/weilimdorf\/wp-content\/uploads\/2025\/03\/F4F3F843-09B1-4774-98AB-1EDCABCE281C-768x1170.jpeg 768w, https:\/\/www.gruene-ov-stuttgart.de\/weilimdorf\/wp-content\/uploads\/2025\/03\/F4F3F843-09B1-4774-98AB-1EDCABCE281C-1008x1536.jpeg 1008w, https:\/\/www.gruene-ov-stuttgart.de\/weilimdorf\/wp-content\/uploads\/2025\/03\/F4F3F843-09B1-4774-98AB-1EDCABCE281C.jpeg 1163w\" sizes=\"auto, (max-width: 788px) 100vw, 788px\" \/><\/figure>\n\n\n\n<p><\/p>\n","protected":false},"excerpt":{"rendered":"<p>Bezirksbeiratsfraktion B\u00dcNDNIS 90\/DIE GR\u00dcNEN Datum: 24.02.2025 Betreff: Einbindung der Bev\u00f6lkerung in zuk\u00fcnftige Windkraftprojekte (BEI ZWEI ENTHALTUNGEN BESCHLOSSEN, siehe NEWS 12.03.2025)<\/p>\n","protected":false},"author":-1,"featured_media":0,"comment_status":"closed","ping_status":"closed","sticky":false,"template":"","format":"standard","meta":{"footnotes":""},"categories":[13],"tags":[23],"class_list":["post-3868","post","type-post","status-publish","format-standard","hentry","category-energie","tag-23"],"_links":{"self":[{"href":"https:\/\/www.gruene-ov-stuttgart.de\/weilimdorf\/wp-json\/wp\/v2\/posts\/3868","targetHints":{"allow":["GET"]}}],"collection":[{"href":"https:\/\/www.gruene-ov-stuttgart.de\/weilimdorf\/wp-json\/wp\/v2\/posts"}],"about":[{"href":"https:\/\/www.gruene-ov-stuttgart.de\/weilimdorf\/wp-json\/wp\/v2\/types\/post"}],"author":[{"embeddable":true,"href":"https:\/\/www.gruene-ov-stuttgart.de\/weilimdorf\/wp-json\/wp\/v2\/users\/2"}],"replies":[{"embeddable":true,"href":"https:\/\/www.gruene-ov-stuttgart.de\/weilimdorf\/wp-json\/wp\/v2\/comments?post=3868"}],"version-history":[{"count":2,"href":"https:\/\/www.gruene-ov-stuttgart.de\/weilimdorf\/wp-json\/wp\/v2\/posts\/3868\/revisions"}],"predecessor-version":[{"id":3881,"href":"https:\/\/www.gruene-ov-stuttgart.de\/weilimdorf\/wp-json\/wp\/v2\/posts\/3868\/revisions\/3881"}],"wp:attachment":[{"href":"https:\/\/www.gruene-ov-stuttgart.de\/weilimdorf\/wp-json\/wp\/v2\/media?parent=3868"}],"wp:term":[{"taxonomy":"category","embeddable":true,"href":"https:\/\/www.gruene-ov-stuttgart.de\/weilimdorf\/wp-json\/wp\/v2\/categories?post=3868"},{"taxonomy":"post_tag","embeddable":true,"href":"https:\/\/www.gruene-ov-stuttgart.de\/weilimdorf\/wp-json\/wp\/v2\/tags?post=3868"}],"curies":[{"name":"wp","href":"https:\/\/api.w.org\/{rel}","templated":true}]}}