{"id":547,"date":"2020-02-25T17:43:00","date_gmt":"2020-02-25T16:43:00","guid":{"rendered":"http:\/\/www.gruene-ov-stuttgart.de\/weilimdorf\/?p=547"},"modified":"2020-07-09T17:47:20","modified_gmt":"2020-07-09T15:47:20","slug":"weitere-pflegeplaetze-in-weilimdorf-dringend-notwendig","status":"publish","type":"post","link":"https:\/\/www.gruene-ov-stuttgart.de\/weilimdorf\/2020\/02\/25\/weitere-pflegeplaetze-in-weilimdorf-dringend-notwendig\/","title":{"rendered":"Weitere Pflegepl\u00e4tze in Weilimdorf dringend notwendig!"},"content":{"rendered":"\n<h3 class=\"has-vivid-green-cyan-color has-text-color wp-block-heading\">Antrag Nr. 10\/2020<\/h3>\n\n\n\n<p>Bezirksbeiratsfraktion: B\u00dcNDNIS\u201990 \/ DIE GR\u00dcNEN<br>Datum: 25.02.2020<br>Betreff:&nbsp;<strong>Weitere Pflegepl\u00e4tze in Weilimdorf dringend notwendig!<\/strong><\/p>\n\n\n\n<p><strong>Antrag:<\/strong><\/p>\n\n\n\n<p>Das Sozialamt und das Amt f\u00fcr Stadtplanung und Stadterneuerung berichten im Bezirksbeirat \u00fcber den Entwicklungsstand bez\u00fcglich neuer Pflegepl\u00e4tze und der Einrichtung von Pflegewohngemeinschaften und zwar im Einzelnen:<\/p>\n\n\n\n<ul class=\"wp-block-list\"><li>Deidesheimer Stra\u00dfe 45. Was ist der Planungsstand bez\u00fcglich dieses Grundst\u00fccks und in<br>welchem zeitlichen Rahmen ist mit einem Bebauungsplanverfahren, der Einrichtung von<\/li><\/ul>\n\n\n\n<p>Pflegepl\u00e4tzen und den Umgang mit der L\u00e4rmproblematik durch die benachbarte Jugendeinrichtung zu rechnen?<\/p>\n\n\n\n<ul class=\"wp-block-list\"><li>Kaiserslautererstr. 14. Welche M\u00f6glichkeiten zur Verwirklichung von Pflegewohngemein-<br>schaften gibt es dort?<\/li><li>Solitudestra\u00dfe\/ Ecke Bergheimerstr.: Was haben die Pr\u00fcfungen bez\u00fcglich der Einrichtung<br>einer Pflegeeinrichtung auf den Flst. 4753, 4760 und 4761\/1 ergeben? Welche L\u00f6sungen sind<br>dort m\u00f6glich? Wann ist mit Ergebnissen einer Machbarkeitsstudie zu rechnen?<\/li><li>Welche weiteren Grundst\u00fccke in Weilimdorf kommen, z.B. im Zusammenhang mit Bauvor-<br>haben der SWSG f\u00fcr die Einrichtung von Pflegepl\u00e4tzen infrage?<\/li><\/ul>\n\n\n\n<p>Dar\u00fcber hinaus bitten wir \u00fcber die Erfahrungen bez\u00fcglich der Einrichtung, des Platzbedarfs und der Umsetzung und Versorgung von Pflegewohngemeinschaften zu berichten.<\/p>\n\n\n\n<p><br><strong>Begr\u00fcndung:<\/strong><\/p>\n\n\n\n<p><br>Angesichts des demographischen Wandels wird der Bedarf an Pflegepl\u00e4tzen, ebenso wie der Bedarf an ambulanter Versorgung in den n\u00e4chsten Jahren weiter steigen. Laut Kreispflegeplanung 2030-Fortschreibung, GDrs 109\/2019, werden bis zum Jahr 2030 2064 zus\u00e4tzliche Pflegepl\u00e4tze ben\u00f6tigt. Dabei ist sowohl der wachsende Bedarf, als auch die Umwandlung von Doppelzimmern in Einzelzimmer ber\u00fccksichtigt, die sich aus der Umsetzung der Landesheimbauverordnung ergibt. F\u00fcr unseren Stadtbezirk Weilimdorf wird von einem Mangel von ca. 200 Pflegepl\u00e4tzen bis 2030 ausgegangen. Neben station\u00e4ren Unterbringungen sind ambu-lante Pflegedienste weiter stark gefragt, zumal viele Menschen auch bei Pflegebed\u00fcrftigkeit das Leben in ihrer gewohnten Wohnumgebung vorziehen. Allerdings ist es in Stuttgart auch schwierig, freie Kapazit\u00e4ten bei ambulanten Pflegediensten aufzutun. Dadurch finden Angeh\u00f6rige und Krankenhaussozialdienste nur mit gro\u00dfer M\u00fche eine ambulante Anschlussversorgung nach einem Krankenhausaufenthalt. Viele \u00e4ltere Menschen w\u00fcnschen sich zurecht auch bei Pflegebed\u00fcrftigkeit im fr\u00fcheren Wohnumfeld weiter versorgt zu werden.<br>Die Altenwohnanlage am Lindenbachsee will bereits seit langem anbauen, um ihr Angebot an Dauerpflegepl\u00e4tzen erweitern zu k\u00f6nnen. Dringend notwendig ist es, dass, im Sinne des Vorrangs der Innen- vor der Au\u00dfenentwicklung, an weiteren Standorten in Weilimdorf z\u00fcgig neue Angebote umgesetzt werden k\u00f6nnen. Mit den interfraktionellen Antr\u00e4gen 978\/2017 vom 15.12.2017 und 76\/2018 haben sich Die Gr\u00fcnen, CDU, SPD, S\u00d6S-Linke-PluS, FDP, Die StadTISTEN gemeinsam bereits nachdr\u00fccklich f\u00fcr eine Entwicklung der Pflegesituation in Weilimdorf eingesetzt.<\/p>\n\n\n\n<p>Barbara Graf und Fraktion<\/p>\n","protected":false},"excerpt":{"rendered":"<p>Antrag Nr. 10\/2020 Bezirksbeiratsfraktion: B\u00dcNDNIS\u201990 \/ DIE GR\u00dcNENDatum: 25.02.2020Betreff:&nbsp;Weitere Pflegepl\u00e4tze in Weilimdorf dringend notwendig! Antrag: Das Sozialamt und das Amt f\u00fcr Stadtplanung und Stadterneuerung berichten im Bezirksbeirat \u00fcber den Entwicklungsstand [&hellip;]<\/p>\n","protected":false},"author":-1,"featured_media":0,"comment_status":"closed","ping_status":"closed","sticky":false,"template":"","format":"standard","meta":{"footnotes":""},"categories":[10],"tags":[2],"class_list":["post-547","post","type-post","status-publish","format-standard","hentry","category-soziales","tag-2"],"_links":{"self":[{"href":"https:\/\/www.gruene-ov-stuttgart.de\/weilimdorf\/wp-json\/wp\/v2\/posts\/547","targetHints":{"allow":["GET"]}}],"collection":[{"href":"https:\/\/www.gruene-ov-stuttgart.de\/weilimdorf\/wp-json\/wp\/v2\/posts"}],"about":[{"href":"https:\/\/www.gruene-ov-stuttgart.de\/weilimdorf\/wp-json\/wp\/v2\/types\/post"}],"author":[{"embeddable":true,"href":"https:\/\/www.gruene-ov-stuttgart.de\/weilimdorf\/wp-json\/wp\/v2\/users\/2"}],"replies":[{"embeddable":true,"href":"https:\/\/www.gruene-ov-stuttgart.de\/weilimdorf\/wp-json\/wp\/v2\/comments?post=547"}],"version-history":[{"count":1,"href":"https:\/\/www.gruene-ov-stuttgart.de\/weilimdorf\/wp-json\/wp\/v2\/posts\/547\/revisions"}],"predecessor-version":[{"id":548,"href":"https:\/\/www.gruene-ov-stuttgart.de\/weilimdorf\/wp-json\/wp\/v2\/posts\/547\/revisions\/548"}],"wp:attachment":[{"href":"https:\/\/www.gruene-ov-stuttgart.de\/weilimdorf\/wp-json\/wp\/v2\/media?parent=547"}],"wp:term":[{"taxonomy":"category","embeddable":true,"href":"https:\/\/www.gruene-ov-stuttgart.de\/weilimdorf\/wp-json\/wp\/v2\/categories?post=547"},{"taxonomy":"post_tag","embeddable":true,"href":"https:\/\/www.gruene-ov-stuttgart.de\/weilimdorf\/wp-json\/wp\/v2\/tags?post=547"}],"curies":[{"name":"wp","href":"https:\/\/api.w.org\/{rel}","templated":true}]}}