{"id":549,"date":"2020-01-27T17:50:30","date_gmt":"2020-01-27T16:50:30","guid":{"rendered":"http:\/\/www.gruene-ov-stuttgart.de\/weilimdorf\/?p=549"},"modified":"2020-07-09T17:51:20","modified_gmt":"2020-07-09T15:51:20","slug":"fluechtlingskreis-weilimdorf","status":"publish","type":"post","link":"https:\/\/www.gruene-ov-stuttgart.de\/weilimdorf\/2020\/01\/27\/fluechtlingskreis-weilimdorf\/","title":{"rendered":"Fl\u00fcchtlingskreis Weilimdorf"},"content":{"rendered":"\n<h3 class=\"has-vivid-green-cyan-color has-text-color wp-block-heading\">Antrag Nr. 6\/2020<\/h3>\n\n\n\n<p><br>Bezirksbeir\u00e4te- Fraktionen: B\u00dcNDNIS\u201990 \/ DIE GR\u00dcNEN, CDU, Die FrAKTION LINKE S\u00d6S PIRATEN Tierschutzpartei, FDP, Freie W\u00e4hler, PULS, SPD<br>Datum: 27.1.2020<br>Betreff: <strong>Fl\u00fcchtlingskreis Weilimdorf<\/strong><\/p>\n\n\n\n<p><br><strong>ANTRAG<\/strong><br>Wir beantragen f\u00fcr die Sitzung im M\u00e4rz,<br>dass der Fl\u00fcchtlingskreis Weilimdorf den Bezirksbeirat \u00fcber seine T\u00e4tigkeit informiert.<br>Insbesondere soll berichtet werden:<\/p>\n\n\n\n<ul class=\"wp-block-list\"><li>Welche aktuellen Angebote gibt es derzeit?<\/li><li>Wie sieht heute das Engagement der Ehrenamtlichen aus?<\/li><li>Wie ist die Situation in den Gemeinschaftsunterk\u00fcnften?<\/li><li>Welche Erfahrungen gibt es bei der Wohnungssuche, der Ausbildungs- und Arbeitsplatzsuche?<\/li><li>Wie gestaltet sich die Integration der neuangekommenen Gefl\u00fcchteten?<\/li><li>Hat die neue Asylgesetzgebung Auswirkungen auf die praktische Arbeit?<br>Begr\u00fcndung:<br>Der Weilimdorfer Fl\u00fcchtlingskreis betreut seit 2015 in ehrenamtlicher Arbeit Fl\u00fccht-linge aus verschiedenen L\u00e4ndern und arbeitet eng mit der Stadt, den Tr\u00e4gern der Einrichtungen und anderen Vereinen und Organisationen zusammen.<br>Die verschiedenen Arbeitsgruppen bieten den Menschen konkrete Hilfe an, z.B. f\u00fcr die Versorgung mit Kleidung und den Dingen des t\u00e4glichen Lebens, Hilfe bei Beh\u00f6rdeng\u00e4ngen oder Arztbesuchen, beim Erlernen der Sprache, bei der Suche nach einem Ausbildungs- oder Arbeitsplatz oder bei der Suche nach einer Wohnung.<br>Kinderbetreuung, Lernzeit, Gespr\u00e4chsrunden f\u00fcr Frauen, Sport- und Freizeitangebote stehen auf dem Programm und mit regelm\u00e4\u00dfigen gemeinsamen Aktivit\u00e4tennm sollen f\u00fcr die Ank\u00f6mmlinge gemeinsam mit der Weilimdorfer Bev\u00f6lkerung eine menschliche und menschenw\u00fcrdige Basis geschaffen werden.<br>Auch gemeinsame Aktionen wie Let\u2019s-Putz in Weilimdorf werden durchgef\u00fchrt. Inzwischen haben einige der urspr\u00fcnglichen Bewohner die Fl\u00fcchtlingsheime wieder verlassen, haben eine neue Bleibe gefunden oder sind in ihre Herkunftsl\u00e4nder zur\u00fcckgegangen.<br>Das Wohnen in den Unterk\u00fcnften ist oft mit Schwierigkeiten verbunden.<br>Eine geeignete Wohnung, einen Ausbildungs- oder Arbeitsplatz zu finden sind f\u00fcr die Gefl\u00fcchteten schwierig, manche Familien wohnen schon seit Bestehen der Unterk\u00fcnfte dort.<br><br><\/li><\/ul>\n\n\n\n<p>F\u00fcr die Fraktionen:<br>Barbara Graf<br>Stephan Gier<br>Sylvia Rados<br>Carmen Hanle<br>J\u00fcrgen Raiser<br>Erik Hoffmann<br>Hans-J\u00fcrgen W\u00f6hrle<\/p>\n","protected":false},"excerpt":{"rendered":"<p>Antrag Nr. 6\/2020 Bezirksbeir\u00e4te- Fraktionen: B\u00dcNDNIS\u201990 \/ DIE GR\u00dcNEN, CDU, Die FrAKTION LINKE S\u00d6S PIRATEN Tierschutzpartei, FDP, Freie W\u00e4hler, PULS, SPDDatum: 27.1.2020Betreff: Fl\u00fcchtlingskreis Weilimdorf ANTRAGWir beantragen f\u00fcr die Sitzung im [&hellip;]<\/p>\n","protected":false},"author":-1,"featured_media":0,"comment_status":"closed","ping_status":"closed","sticky":false,"template":"","format":"standard","meta":{"footnotes":""},"categories":[10],"tags":[2],"class_list":["post-549","post","type-post","status-publish","format-standard","hentry","category-soziales","tag-2"],"_links":{"self":[{"href":"https:\/\/www.gruene-ov-stuttgart.de\/weilimdorf\/wp-json\/wp\/v2\/posts\/549","targetHints":{"allow":["GET"]}}],"collection":[{"href":"https:\/\/www.gruene-ov-stuttgart.de\/weilimdorf\/wp-json\/wp\/v2\/posts"}],"about":[{"href":"https:\/\/www.gruene-ov-stuttgart.de\/weilimdorf\/wp-json\/wp\/v2\/types\/post"}],"author":[{"embeddable":true,"href":"https:\/\/www.gruene-ov-stuttgart.de\/weilimdorf\/wp-json\/wp\/v2\/users\/2"}],"replies":[{"embeddable":true,"href":"https:\/\/www.gruene-ov-stuttgart.de\/weilimdorf\/wp-json\/wp\/v2\/comments?post=549"}],"version-history":[{"count":2,"href":"https:\/\/www.gruene-ov-stuttgart.de\/weilimdorf\/wp-json\/wp\/v2\/posts\/549\/revisions"}],"predecessor-version":[{"id":551,"href":"https:\/\/www.gruene-ov-stuttgart.de\/weilimdorf\/wp-json\/wp\/v2\/posts\/549\/revisions\/551"}],"wp:attachment":[{"href":"https:\/\/www.gruene-ov-stuttgart.de\/weilimdorf\/wp-json\/wp\/v2\/media?parent=549"}],"wp:term":[{"taxonomy":"category","embeddable":true,"href":"https:\/\/www.gruene-ov-stuttgart.de\/weilimdorf\/wp-json\/wp\/v2\/categories?post=549"},{"taxonomy":"post_tag","embeddable":true,"href":"https:\/\/www.gruene-ov-stuttgart.de\/weilimdorf\/wp-json\/wp\/v2\/tags?post=549"}],"curies":[{"name":"wp","href":"https:\/\/api.w.org\/{rel}","templated":true}]}}