{"id":984,"date":"2020-09-03T19:08:38","date_gmt":"2020-09-03T17:08:38","guid":{"rendered":"http:\/\/www.gruene-ov-stuttgart.de\/weilimdorf\/?p=984"},"modified":"2022-01-04T18:57:34","modified_gmt":"2022-01-04T17:57:34","slug":"unfallschwerpunkt-b-295-flachter-gerlinger-strasse","status":"publish","type":"post","link":"https:\/\/www.gruene-ov-stuttgart.de\/weilimdorf\/2020\/09\/03\/unfallschwerpunkt-b-295-flachter-gerlinger-strasse\/","title":{"rendered":"Unfallschwerpunkt B 295\/ Flachter-\/Gerlinger Stra\u00dfe"},"content":{"rendered":"\n<h4 class=\"has-vivid-green-cyan-color has-text-color wp-block-heading\">Antrag Nr. 33\/2020 <\/h4>\n\n\n\n<p class=\"has-luminous-vivid-orange-color has-text-color\">(GEBILLIGT &#8211; siehe  &#8222;<a href=\"https:\/\/www.gruene-ov-stuttgart.de\/weilimdorf\/news\/\">NEWS<\/a>&#8220;  07.10.2020)<\/p>\n\n\n\n<p class=\"has-luminous-vivid-orange-color has-text-color\">(BEANTWORTET VOM AMT F\u00dcR \u00d6FFENTLICHE ORDNUNG &#8211; siehe &#8222;<a href=\"https:\/\/www.gruene-ov-stuttgart.de\/weilimdorf\/news\/\" data-type=\"page\" data-id=\"128\">NEWS<\/a>&#8220; 09.12.2020)<\/p>\n\n\n\n<p>Bezirksbeiratsfraktion: B\u00fcndnis 90\/Die Gr\u00fcnen<\/p>\n\n\n\n<p>Datum: 03.09.2020<\/p>\n\n\n\n<p>Betreff: Unfallschwerpunkt B 295\/Flachter-\/Gerlinger Stra\u00dfe<\/p>\n\n\n\n<figure class=\"wp-block-gallery columns-1 is-cropped wp-block-gallery-1 is-layout-flex wp-block-gallery-is-layout-flex\"><ul class=\"blocks-gallery-grid\"><li class=\"blocks-gallery-item\"><figure><img loading=\"lazy\" decoding=\"async\" width=\"645\" height=\"561\" src=\"https:\/\/www.gruene-ov-stuttgart.de\/weilimdorf\/wp-content\/uploads\/2020\/10\/Antrag_33_a.png\" alt=\"\" data-id=\"987\" data-link=\"https:\/\/www.gruene-ov-stuttgart.de\/weilimdorf\/2020\/10\/04\/unfallschwerpunkt-b-295-flachter-gerlinger-strasse\/antrag_33_a\/\" class=\"wp-image-987\" srcset=\"https:\/\/www.gruene-ov-stuttgart.de\/weilimdorf\/wp-content\/uploads\/2020\/10\/Antrag_33_a.png 645w, https:\/\/www.gruene-ov-stuttgart.de\/weilimdorf\/wp-content\/uploads\/2020\/10\/Antrag_33_a-400x348.png 400w, https:\/\/www.gruene-ov-stuttgart.de\/weilimdorf\/wp-content\/uploads\/2020\/10\/Antrag_33_a-150x130.png 150w\" sizes=\"auto, (max-width: 645px) 100vw, 645px\" \/><\/figure><\/li><li class=\"blocks-gallery-item\"><figure><img loading=\"lazy\" decoding=\"async\" width=\"629\" height=\"617\" src=\"https:\/\/www.gruene-ov-stuttgart.de\/weilimdorf\/wp-content\/uploads\/2020\/10\/Antrag_33_b-1.png\" alt=\"\" data-id=\"990\" data-full-url=\"https:\/\/www.gruene-ov-stuttgart.de\/weilimdorf\/wp-content\/uploads\/2020\/10\/Antrag_33_b-1.png\" data-link=\"https:\/\/www.gruene-ov-stuttgart.de\/weilimdorf\/2020\/10\/04\/unfallschwerpunkt-b-295-flachter-gerlinger-strasse\/antrag_33_b-1\/\" class=\"wp-image-990\" srcset=\"https:\/\/www.gruene-ov-stuttgart.de\/weilimdorf\/wp-content\/uploads\/2020\/10\/Antrag_33_b-1.png 629w, https:\/\/www.gruene-ov-stuttgart.de\/weilimdorf\/wp-content\/uploads\/2020\/10\/Antrag_33_b-1-400x392.png 400w, https:\/\/www.gruene-ov-stuttgart.de\/weilimdorf\/wp-content\/uploads\/2020\/10\/Antrag_33_b-1-150x147.png 150w\" sizes=\"auto, (max-width: 629px) 100vw, 629px\" \/><\/figure><\/li><\/ul><\/figure>\n","protected":false},"excerpt":{"rendered":"<p>Antrag Nr. 33\/2020 (GEBILLIGT &#8211; siehe &#8222;NEWS&#8220; 07.10.2020) (BEANTWORTET VOM AMT F\u00dcR \u00d6FFENTLICHE ORDNUNG &#8211; siehe &#8222;NEWS&#8220; 09.12.2020) Bezirksbeiratsfraktion: B\u00fcndnis 90\/Die Gr\u00fcnen Datum: 03.09.2020 Betreff: Unfallschwerpunkt B 295\/Flachter-\/Gerlinger Stra\u00dfe<\/p>\n","protected":false},"author":-1,"featured_media":0,"comment_status":"closed","ping_status":"closed","sticky":false,"template":"","format":"standard","meta":{"footnotes":""},"categories":[5],"tags":[2],"class_list":["post-984","post","type-post","status-publish","format-standard","hentry","category-verkehr","tag-2"],"_links":{"self":[{"href":"https:\/\/www.gruene-ov-stuttgart.de\/weilimdorf\/wp-json\/wp\/v2\/posts\/984","targetHints":{"allow":["GET"]}}],"collection":[{"href":"https:\/\/www.gruene-ov-stuttgart.de\/weilimdorf\/wp-json\/wp\/v2\/posts"}],"about":[{"href":"https:\/\/www.gruene-ov-stuttgart.de\/weilimdorf\/wp-json\/wp\/v2\/types\/post"}],"author":[{"embeddable":true,"href":"https:\/\/www.gruene-ov-stuttgart.de\/weilimdorf\/wp-json\/wp\/v2\/users\/2"}],"replies":[{"embeddable":true,"href":"https:\/\/www.gruene-ov-stuttgart.de\/weilimdorf\/wp-json\/wp\/v2\/comments?post=984"}],"version-history":[{"count":22,"href":"https:\/\/www.gruene-ov-stuttgart.de\/weilimdorf\/wp-json\/wp\/v2\/posts\/984\/revisions"}],"predecessor-version":[{"id":2267,"href":"https:\/\/www.gruene-ov-stuttgart.de\/weilimdorf\/wp-json\/wp\/v2\/posts\/984\/revisions\/2267"}],"wp:attachment":[{"href":"https:\/\/www.gruene-ov-stuttgart.de\/weilimdorf\/wp-json\/wp\/v2\/media?parent=984"}],"wp:term":[{"taxonomy":"category","embeddable":true,"href":"https:\/\/www.gruene-ov-stuttgart.de\/weilimdorf\/wp-json\/wp\/v2\/categories?post=984"},{"taxonomy":"post_tag","embeddable":true,"href":"https:\/\/www.gruene-ov-stuttgart.de\/weilimdorf\/wp-json\/wp\/v2\/tags?post=984"}],"curies":[{"name":"wp","href":"https:\/\/api.w.org\/{rel}","templated":true}]}}